{"id":137967,"date":"2025-01-27T13:25:58","date_gmt":"2025-01-27T15:25:58","guid":{"rendered":"https:\/\/blessedfilmes.com.br\/?p=137967"},"modified":"2025-10-28T02:03:27","modified_gmt":"2025-10-28T04:03:27","slug":"comment-optimiser-la-gestion-des-espaces-pour-favoriser-la-reussite-personnelle-et-professionnelle","status":"publish","type":"post","link":"http:\/\/blessedfilmes.com.br\/?p=137967","title":{"rendered":"Comment optimiser la gestion des espaces pour favoriser la r\u00e9ussite personnelle et professionnelle"},"content":{"rendered":"<div style=\"margin: 20px; font-family: Arial, sans-serif; font-size: 1.1em; line-height: 1.6; color: #34495e;\">\n<p style=\"margin-bottom: 15px;\">L&#8217;organisation efficace de nos espaces, qu&#8217;ils soient domestiques ou professionnels, constitue un levier essentiel pour atteindre nos objectifs. En s&#8217;inspirant de la m\u00e9taphore des entrep\u00f4ts, souvent \u00e9voqu\u00e9e dans le contexte de la gestion de ressources, nous pouvons repenser notre environnement comme un capital \u00e0 valoriser, un lieu o\u00f9 chaque \u00e9l\u00e9ment a sa place pour favoriser la croissance personnelle et la r\u00e9ussite. Pour approfondir cette id\u00e9e, il est utile de consid\u00e9rer comment la structuration de nos espaces influence directement notre \u00e9tat d&#8217;esprit, notre motivation, et notre productivit\u00e9. <\/p>\n<h2 style=\"color: #2980b9; margin-top: 40px;\">Table des mati\u00e8res<\/h2>\n<ul style=\"list-style-type: disc; padding-left: 20px; margin-bottom: 20px;\">\n<li style=\"margin-bottom: 8px;\"><a href=\"#impact-organisation-sur-reussite\" style=\"color: #2980b9; text-decoration: none;\">Comprendre l\u2019impact de l\u2019organisation spatiale sur la r\u00e9ussite personnelle et professionnelle<\/a><\/li>\n<li style=\"margin-bottom: 8px;\"><a href=\"#besoins-specifiques\" style=\"color: #2980b9; text-decoration: none;\">Identifier ses besoins sp\u00e9cifiques pour une gestion d\u2019espace adapt\u00e9e<\/a><\/li>\n<li style=\"margin-bottom: 8px;\"><a href=\"#principes-cles\" style=\"color: #2980b9; text-decoration: none;\">Les principes cl\u00e9s pour une optimisation efficace de l\u2019espace<\/a><\/li>\n<li style=\"margin-bottom: 8px;\"><a href=\"#techniques-quotidiennes\" style=\"color: #2980b9; text-decoration: none;\">Techniques concr\u00e8tes pour organiser ses espaces au quotidien<\/a><\/li>\n<li style=\"margin-bottom: 8px;\"><a href=\"#impact-psychologique\" style=\"color: #2980b9; text-decoration: none;\">L\u2019impact psychologique d\u2019un espace bien g\u00e9r\u00e9 sur la r\u00e9ussite<\/a><\/li>\n<li style=\"margin-bottom: 8px;\"><a href=\"#vision-globale\" style=\"color: #2980b9; text-decoration: none;\">L\u2019int\u00e9gration de l\u2019espace dans une vision globale de d\u00e9veloppement personnel et professionnel<\/a><\/li>\n<li style=\"margin-bottom: 8px;\"><a href=\"#entrepots-revisitee\" style=\"color: #2980b9; text-decoration: none;\">La m\u00e9taphore des entrep\u00f4ts revisit\u00e9e : comment penser l\u2019espace comme un capital \u00e0 valoriser<\/a><\/li>\n<li style=\"margin-bottom: 8px;\"><a href=\"#conclusion\" style=\"color: #2980b9; text-decoration: none;\">Conclusion : Revenir \u00e0 la m\u00e9taphore initiale pour inspirer une nouvelle vision de la r\u00e9ussite<\/a><\/li>\n<\/ul>\n<h2 id=\"impact-organisation-sur-reussite\" style=\"color: #2980b9; margin-top: 40px;\">Comprendre l\u2019impact de l\u2019organisation spatiale sur la r\u00e9ussite personnelle et professionnelle<\/h2>\n<h3 style=\"color: #16a085;\">a. La relation entre espace organis\u00e9 et clart\u00e9 mentale<\/h3>\n<p style=\"margin-bottom: 15px;\">Une \u00e9tude men\u00e9e en France par l\u2019Institut National de la Statistique et des \u00c9tudes \u00c9conomiques (INSEE) montre que des espaces de travail d\u00e9sordonn\u00e9s peuvent r\u00e9duire la capacit\u00e9 de concentration de 25 % en moyenne. Un environnement ordonn\u00e9 facilite la clart\u00e9 mentale, permettant de mieux distinguer les priorit\u00e9s et d\u2019\u00e9viter la surcharge cognitive. Par exemple, une \u00e9tude r\u00e9alis\u00e9e \u00e0 Paris a r\u00e9v\u00e9l\u00e9 que les professionnels qui maintiennent leur bureau organis\u00e9 rapportent une meilleure capacit\u00e9 \u00e0 r\u00e9soudre des probl\u00e8mes complexes et \u00e0 prendre des d\u00e9cisions plus rapidement.<\/p>\n<h3 style=\"color: #16a085;\">b. L\u2019influence de l\u2019environnement sur la motivation et la productivit\u00e9<\/h3>\n<p style=\"margin-bottom: 15px;\">Le psychologue fran\u00e7ais Christophe Andr\u00e9 insiste sur le r\u00f4le de l\u2019environnement dans la r\u00e9gulation \u00e9motionnelle. Un espace inspirant et bien agenc\u00e9 peut augmenter la motivation jusqu\u2019\u00e0 30 %, selon une \u00e9tude men\u00e9e \u00e0 Lyon. En int\u00e9grant des \u00e9l\u00e9ments de design qui valorisent la cr\u00e9ativit\u00e9, comme des couleurs vives ou des \u0153uvres d\u2019art, on stimule la pens\u00e9e innovante et l\u2019engagement dans ses projets.<\/p>\n<h2 id=\"besoins-specifiques\" style=\"color: #2980b9; margin-top: 40px;\">Identifier ses besoins sp\u00e9cifiques pour une gestion d\u2019espace adapt\u00e9e<\/h2>\n<h3 style=\"color: #16a085;\">a. \u00c9valuer ses priorit\u00e9s et ses objectifs personnels et professionnels<\/h3>\n<p style=\"margin-bottom: 15px;\">Avant d\u2019am\u00e9nager ou de r\u00e9organiser un espace, il est essentiel de d\u00e9finir ses priorit\u00e9s. Par exemple, un entrepreneur souhaitant d\u00e9velopper une activit\u00e9 cr\u00e9ative devra privil\u00e9gier un espace modulable, capable d\u2019accueillir diff\u00e9rentes activit\u00e9s comme le brainstorming, la conception ou la pr\u00e9sentation. La m\u00e9thode fran\u00e7aise de gestion des priorit\u00e9s, appel\u00e9e \u00ab matrice d\u2019Eisenhower \u00bb, peut aider \u00e0 distinguer ce qui est urgent de ce qui est important, afin d\u2019adapter son environnement en cons\u00e9quence.<\/p>\n<h3 style=\"color: #16a085;\">b. Adapter l\u2019espace en fonction de la diversit\u00e9 des activit\u00e9s et des individus<\/h3>\n<p style=\"margin-bottom: 15px;\">Chaque individu a des besoins sp\u00e9cifiques. Les espaces partag\u00e9s, comme les open spaces en France, n\u00e9cessitent des am\u00e9nagements pour pr\u00e9server la concentration tout en favorisant la collaboration. Par exemple, l\u2019installation de zones silencieuses ou de s\u00e9parateurs mobiles permet de r\u00e9pondre \u00e0 cette diversit\u00e9, tout en am\u00e9liorant l\u2019efficacit\u00e9 collective.<\/p>\n<h2 id=\"principes-cles\" style=\"color: #2980b9; margin-top: 40px;\">Les principes cl\u00e9s pour une optimisation efficace de l\u2019espace<\/h2>\n<h3 style=\"color: #16a085;\">a. La simplicit\u00e9 et la modularit\u00e9 dans l\u2019am\u00e9nagement<\/h3>\n<p style=\"margin-bottom: 15px;\">L\u2019approche minimaliste, encourag\u00e9e par des designers fran\u00e7ais comme Philippe Starck, pr\u00f4ne la simplicit\u00e9 pour favoriser un environnement apaisant et fonctionnel. La modularit\u00e9 permet d\u2019adapter rapidement l\u2019espace \u00e0 diff\u00e9rentes activit\u00e9s ou \u00e0 l\u2019\u00e9volution des besoins, en utilisant des meubles l\u00e9gers, empilables ou facilement d\u00e9pla\u00e7ables.<\/p>\n<h3 style=\"color: #16a085;\">b. La flexibilit\u00e9 pour accompagner la croissance et le changement<\/h3>\n<p style=\"margin-bottom: 15px;\">Les espaces doivent \u00e9voluer avec leurs utilisateurs. En France, le concept de \u00ab bureaux flexibles \u00bb se r\u00e9pand, permettant d\u2019accueillir des \u00e9quipes en croissance ou de transformer un espace pour des \u00e9v\u00e9nements sp\u00e9ciaux. La mise en place de meubles modulaires et de zones polyvalentes facilite cette adaptation.<\/p>\n<h3 style=\"color: #16a085;\">c. La valorisation de l\u2019espace pour encourager la cr\u00e9ativit\u00e9<\/h3>\n<p style=\"margin-bottom: 15px;\">Un espace bien valoris\u00e9, avec des \u00e9l\u00e9ments esth\u00e9tiques et inspirants, stimule la cr\u00e9ativit\u00e9. Des \u00e9tudes fran\u00e7aises ont montr\u00e9 que la pr\u00e9sence de plantes ou d\u2019\u0153uvres d\u2019art dans un bureau augmente la production d\u2019id\u00e9es nouvelles de 20 %. Investir dans la d\u00e9coration et l\u2019am\u00e9nagement contribue \u00e0 une atmosph\u00e8re positive propice \u00e0 l\u2019innovation.<\/p>\n<h2 id=\"techniques-quotidiennes\" style=\"color: #2980b9; margin-top: 40px;\">Techniques concr\u00e8tes pour organiser ses espaces au quotidien<\/h2>\n<h3 style=\"color: #16a085;\">a. Le tri et la hi\u00e9rarchisation des possessions et des outils<\/h3>\n<p style=\"margin-bottom: 15px;\">Adopter la m\u00e9thode fran\u00e7aise du \u00ab tri s\u00e9lectif \u00bb appliqu\u00e9 \u00e0 l\u2019organisation consiste \u00e0 \u00e9liminer ce qui n\u2019est pas essentiel, pour ne garder que l\u2019indispensable. Par exemple, dans un atelier ou un bureau, cela permet de lib\u00e9rer de la place et d\u2019\u00e9viter la dispersion. La hi\u00e9rarchisation favorise aussi une meilleure gestion du temps et une r\u00e9duction du stress.<\/p>\n<h3 style=\"color: #16a085;\">b. L\u2019utilisation de solutions de rangement intelligentes et esth\u00e9tiques<\/h3>\n<p style=\"margin-bottom: 15px;\">Les solutions fran\u00e7aises, comme les \u00e9tag\u00e8res modulaires ou les tiroirs compartiment\u00e9s, combinent fonctionnalit\u00e9 et esth\u00e9tisme. L\u2019int\u00e9gration de ces \u00e9l\u00e9ments dans l\u2019espace permet de cr\u00e9er un environnement ordonn\u00e9, o\u00f9 chaque objet trouve sa place, facilitant ainsi la recherche rapide et la maintenance r\u00e9guli\u00e8re.<\/p>\n<h3 style=\"color: #16a085;\">c. La mise en place de routines d\u2019entretien et de r\u00e9organisation r\u00e9guli\u00e8re<\/h3>\n<p style=\"margin-bottom: 15px;\">L\u2019adoption de routines hebdomadaires ou mensuelles garantit la p\u00e9rennit\u00e9 de l\u2019organisation. Par exemple, r\u00e9server 10 minutes chaque matin pour ranger ou r\u00e9ajuster ses espaces \u00e9vite l\u2019accumulation de d\u00e9sordre et maintient une ambiance propice \u00e0 la concentration.<\/p>\n<h2 id=\"impact-psychologique\" style=\"color: #2980b9; margin-top: 40px;\">L\u2019impact psychologique d\u2019un espace bien g\u00e9r\u00e9 sur la r\u00e9ussite<\/h2>\n<h3 style=\"color: #16a085;\">a. Favoriser un sentiment de contr\u00f4le et de s\u00e9r\u00e9nit\u00e9<\/h3>\n<blockquote style=\"border-left: 4px solid #2980b9; padding-left: 10px; margin-bottom: 15px; font-style: italic; background-color: #f9f9f9;\"><p>\n&#8220;Une ma\u00eetrise de son environnement renforce la confiance en soi et favorise un \u00e9tat d\u2019esprit serein, essentiel pour relever les d\u00e9fis quotidiens.&#8221;<\/p><\/blockquote>\n<p style=\"margin-bottom: 15px;\">Lorsque l\u2019on se sent ma\u00eetre de son espace, on ressent un contr\u00f4le accru sur sa vie, ce qui diminue l\u2019anxi\u00e9t\u00e9 et permet une meilleure gestion du stress.<\/p>\n<h3 style=\"color: #16a085;\">b. R\u00e9duire le stress et am\u00e9liorer le focus<\/h3>\n<p style=\"margin-bottom: 15px;\">Un environnement d\u00e9sordonn\u00e9 est souvent source de distraction. \u00c0 l\u2019inverse, un espace \u00e9pur\u00e9 aide \u00e0 focaliser l\u2019attention sur l\u2019essentiel. Selon une recherche men\u00e9e \u00e0 Marseille, la pr\u00e9sence d\u2019un espace organis\u00e9 augmente la capacit\u00e9 de concentration de 18 %, ce qui est crucial pour la r\u00e9ussite professionnelle et personnelle.<\/p>\n<h2 id=\"vision-globale\" style=\"color: #2980b9; margin-top: 40px;\">L\u2019int\u00e9gration de l\u2019espace dans une vision globale de d\u00e9veloppement personnel et professionnel<\/h2>\n<h3 style=\"color: #16a085;\">a. Cr\u00e9er un environnement qui refl\u00e8te ses valeurs et ambitions<\/h3>\n<p style=\"margin-bottom: 15px;\">L\u2019am\u00e9nagement de l\u2019espace doit \u00eatre en coh\u00e9rence avec ses valeurs. Par exemple, une personne valorisant la simplicit\u00e9 int\u00e9grera des \u00e9l\u00e9ments \u00e9pur\u00e9s, tandis qu\u2019un cr\u00e9atif privil\u00e9giera des couleurs vives et des objets inspirants. Cela permet d\u2019aligner son environnement avec sa vision, renfor\u00e7ant ainsi la motivation et la coh\u00e9rence int\u00e9rieure.<\/p>\n<h3 style=\"color: #16a085;\">b. Harmoniser espace priv\u00e9 et espace de travail pour une coh\u00e9rence int\u00e9rieure<\/h3>\n<p style=\"margin-bottom: 15px;\">L\u2019harmonie entre vie priv\u00e9e et professionnelle favorise une meilleure gestion du stress et une identit\u00e9 plus claire. En France, des sp\u00e9cialistes du d\u00e9veloppement personnel recommandent de cr\u00e9er une transition douce entre ces deux sph\u00e8res, par exemple en utilisant des couleurs ou des objets distincts, pour maintenir un \u00e9quilibre mental et \u00e9motionnel.<\/p>\n<h2 id=\"entrepots-revisitee\" style=\"color: #2980b9; margin-top: 40px;\">La m\u00e9taphore des entrep\u00f4ts revisit\u00e9e : comment penser l\u2019espace comme un capital \u00e0 valoriser<\/h2>\n<h3 style=\"color: #16a085;\">a. L\u2019id\u00e9e de stocker non seulement des objets, mais aussi des id\u00e9es et des opportunit\u00e9s<\/h3>\n<p style=\"margin-bottom: 15px;\">Dans une logique fran\u00e7aise d\u2019innovation, il ne s\u2019agit pas seulement de ranger des possessions mat\u00e9rielles, mais aussi de cr\u00e9er des espaces o\u00f9 les id\u00e9es et les opportunit\u00e9s peuvent \u00eatre stock\u00e9es, revisit\u00e9es et exploit\u00e9es. Par exemple, un espace d\u00e9di\u00e9 \u00e0 la r\u00e9flexion ou \u00e0 la cr\u00e9ativit\u00e9, \u00e9quip\u00e9 d\u2019outils pour favoriser l\u2019\u00e9mergence de nouvelles id\u00e9es, devient un v\u00e9ritable \u00ab entrep\u00f4t d\u2019opportunit\u00e9s \u00bb.<\/p>\n<h3 style=\"color: #16a085;\">b. Transformer la gestion de l\u2019espace en un levier de croissance personnelle et professionnelle<\/h3>\n<p style=\"margin-bottom: 15px;\">En adoptant une approche strat\u00e9gique, chaque espace devient un investissement. \u00c0 l\u2019image d\u2019un entrep\u00f4t bien g\u00e9r\u00e9, il doit permettre une circulation fluide des ressources \u2013 qu\u2019elles soient mat\u00e9rielles ou immat\u00e9rielles \u2013 pour soutenir la croissance. Cela peut passer par la mise en place d\u2019un syst\u00e8me de classement et d\u2019acc\u00e8s rapide aux outils ou id\u00e9es cl\u00e9s, renfor\u00e7ant ainsi la capacit\u00e9 \u00e0 agir rapidement et efficacement.<\/p>\n<h2 style=\"color: #2980b9; margin-top: 40px;\">Conclusion : Revenir \u00e0 la m\u00e9taphore initiale pour inspirer une nouvelle vision de la r\u00e9ussite<\/h2>\n<blockquote style=\"border-left: 4px solid #2980b9; padding-left: 10px; margin-bottom: 15px; font-style: italic; background-color: #f9f9f9;\"><p>\n&#8220;Transformer la gestion de nos espaces, c\u2019est comme optimiser un entrep\u00f4t : chaque \u00e9l\u00e9ment doit avoir sa place et sa fonction pour lib\u00e9rer du potentiel et favoriser la croissance.&#8221;<\/p><\/blockquote>\n<p style=\"margin-bottom: 15px;\">En synth\u00e8se, une gestion r\u00e9fl\u00e9chie et strat\u00e9gique de l\u2019espace peut devenir un levier puissant pour notre r\u00e9ussite. En int\u00e9grant des principes de simplicit\u00e9, de modularit\u00e9 et de valorisation, nous cr\u00e9ons un environnement propice \u00e0 l\u2019\u00e9panouissement et \u00e0 l\u2019atteinte de nos ambitions. La m\u00e9taphore des entrep\u00f4ts, revisit\u00e9e dans cette optique, nous invite \u00e0 consid\u00e9rer notre environnement comme un capital pr\u00e9cieux, qu\u2019il convient d\u2019organiser, de nourrir et de faire \u00e9voluer pour r\u00e9aliser pleinement notre potentiel. Pour en savoir plus, vous pouvez consulter l\u2019article original <a href=\"https:\/\/auto-evolution.it\/comment-la-metaphore-des-entrepots-inspire-t-elle-notre-vision-de-la-reussite\/\" style=\"color: #2980b9; text-decoration: none;\">Comment la m\u00e9taphore des entrep\u00f4ts inspire-t-elle notre vision de la r\u00e9ussite?<\/a>.<\/p>\n<\/div>\n","protected":false},"excerpt":{"rendered":"<p>L&#8217;organisation efficace de nos espaces, qu&#8217;ils soient domestiques ou professionnels, constitue un levier essentiel pour atteindre nos objectifs. En s&#8217;inspirant de la m\u00e9taphore des entrep\u00f4ts, souvent \u00e9voqu\u00e9e dans le contexte de la gestion de ressources, nous pouvons repenser notre environnement comme un capital \u00e0 valoriser, un lieu o\u00f9 chaque \u00e9l\u00e9ment a sa place pour favoriser&hellip; <a class=\"more-link\" href=\"http:\/\/blessedfilmes.com.br\/?p=137967\">Continuar lendo <span class=\"screen-reader-text\">Comment optimiser la gestion des espaces pour favoriser la r\u00e9ussite personnelle et professionnelle<\/span><\/a><\/p>\n","protected":false},"author":1,"featured_media":0,"comment_status":"open","ping_status":"open","sticky":false,"template":"","format":"standard","meta":[],"categories":[1],"tags":[],"_links":{"self":[{"href":"http:\/\/blessedfilmes.com.br\/index.php?rest_route=\/wp\/v2\/posts\/137967"}],"collection":[{"href":"http:\/\/blessedfilmes.com.br\/index.php?rest_route=\/wp\/v2\/posts"}],"about":[{"href":"http:\/\/blessedfilmes.com.br\/index.php?rest_route=\/wp\/v2\/types\/post"}],"author":[{"embeddable":true,"href":"http:\/\/blessedfilmes.com.br\/index.php?rest_route=\/wp\/v2\/users\/1"}],"replies":[{"embeddable":true,"href":"http:\/\/blessedfilmes.com.br\/index.php?rest_route=%2Fwp%2Fv2%2Fcomments&post=137967"}],"version-history":[{"count":1,"href":"http:\/\/blessedfilmes.com.br\/index.php?rest_route=\/wp\/v2\/posts\/137967\/revisions"}],"predecessor-version":[{"id":137968,"href":"http:\/\/blessedfilmes.com.br\/index.php?rest_route=\/wp\/v2\/posts\/137967\/revisions\/137968"}],"wp:attachment":[{"href":"http:\/\/blessedfilmes.com.br\/index.php?rest_route=%2Fwp%2Fv2%2Fmedia&parent=137967"}],"wp:term":[{"taxonomy":"category","embeddable":true,"href":"http:\/\/blessedfilmes.com.br\/index.php?rest_route=%2Fwp%2Fv2%2Fcategories&post=137967"},{"taxonomy":"post_tag","embeddable":true,"href":"http:\/\/blessedfilmes.com.br\/index.php?rest_route=%2Fwp%2Fv2%2Ftags&post=137967"}],"curies":[{"name":"wp","href":"https:\/\/api.w.org\/{rel}","templated":true}]}}